[{"@context":"https:\/\/schema.org\/","@type":"Article","@id":"https:\/\/www.mmad.cz\/nejvyssi-cas-na-to-vyrazit-do-solaria\/#Article","mainEntityOfPage":"https:\/\/www.mmad.cz\/nejvyssi-cas-na-to-vyrazit-do-solaria\/","headline":"Nejvy\u0161\u0161\u00ed \u010das na to vyrazit do sol\u00e1ria!","name":"Nejvy\u0161\u0161\u00ed \u010das na to vyrazit do sol\u00e1ria!","description":"Chcete se lidem okolo l\u00edbit? Tak pozor, pokud jste to doposud neu\u010dinili, tak je pr\u00e1v\u011b ten nejvy\u0161\u0161\u00ed \u010das, abyste za\u010dali intenzivn\u011b pracovat na vzhledu sv\u00e9ho t\u011bla. Jaro je zde, a spolu s n\u00edm i postupn\u011b se zvy\u0161uj\u00edc\u00ed teploty. A to znamen\u00e1 jedin\u00e9 \u2013 p\u0159\u00ed\u0161t\u00ed p\u016fl rok budeme odkl\u00e1dat svr\u0161ky a v\u0161ichni moc dob\u0159e uvid\u00ed, jak &hellip; <a href=\"https:\/\/www.mmad.cz\/nejvyssi-cas-na-to-vyrazit-do-solaria\/\" class=\"more-link\">Continue reading<span class=\"screen-reader-text\"> \"Nejvy\u0161\u0161\u00ed \u010das na to vyrazit do sol\u00e1ria!\"<\/span><\/a>","datePublished":"2020-02-12","dateModified":"2024-01-08","author":{"@type":"Person","@id":"https:\/\/www.mmad.cz\/author\/#Person","name":"","url":"https:\/\/www.mmad.cz\/author\/","identifier":1,"image":{"@type":"ImageObject","@id":"https:\/\/secure.gravatar.com\/avatar\/bf8a2da9791e94b6eb5cec245ee5eeceecb651e79e829278e2c546441579397e?s=96&d=mm&r=g","url":"https:\/\/secure.gravatar.com\/avatar\/bf8a2da9791e94b6eb5cec245ee5eeceecb651e79e829278e2c546441579397e?s=96&d=mm&r=g","height":96,"width":96}},"publisher":{"@type":"Organization","name":"mmad.cz","logo":{"@type":"ImageObject","@id":"\/logo.png","url":"\/logo.png","width":600,"height":60}},"image":{"@type":"ImageObject","@id":"https:\/\/www.mmad.cz\/wp-content\/uploads\/img_a374913_w1735_t1586863177.jpg","url":"https:\/\/www.mmad.cz\/wp-content\/uploads\/img_a374913_w1735_t1586863177.jpg","height":0,"width":0},"url":"https:\/\/www.mmad.cz\/nejvyssi-cas-na-to-vyrazit-do-solaria\/","about":["Mobil"],"wordCount":424,"articleBody":"       Chcete se lidem okolo l\u00edbit? Tak pozor, pokud jste to doposud neu\u010dinili, tak je pr\u00e1v\u011b ten nejvy\u0161\u0161\u00ed \u010das, abyste za\u010dali intenzivn\u011b pracovat na vzhledu sv\u00e9ho t\u011bla. Jaro je zde, a spolu s n\u00edm i postupn\u011b se zvy\u0161uj\u00edc\u00ed teploty. A to znamen\u00e1 jedin\u00e9 \u2013 p\u0159\u00ed\u0161t\u00ed p\u016fl rok budeme odkl\u00e1dat svr\u0161ky a v\u0161ichni moc dob\u0159e uvid\u00ed, jak na tom na\u0161e t\u011blo je! Tak\u017ee pokud zrovna nyn\u00ed nejste v t\u00e9 nejlep\u0161\u00ed kondici, tak v\u011b\u0159te tomu, \u017ee v l\u00e9t\u011b u\u017e se rozhodn\u011b p\u0159ed nik\u00fdm neschov\u00e1te. To, co nyn\u00ed zakryje voln\u011bj\u0161\u00ed slu\u0161iv\u00e9 triko a dlouh\u00e9 kalhoty, v plavkov\u00e9 sez\u00f3n\u011b neobstoj\u00ed. Proto za\u010dn\u011bte intenzivn\u011b cvi\u010dit, zdrav\u011b j\u00edst a koukn\u011bte i na to, co se aktu\u00e1ln\u011b nos\u00ed, abyste v p\u0159\u00ed\u0161t\u00edch m\u011bs\u00edc\u00edch nebyli za exota, ale naopak v\u0161emi obdivovan\u00ed! S p\u0159\u00edchodem tepl\u00e9ho po\u010das\u00ed v\u011bt\u0161ina lid\u00ed vyraz\u00ed na n\u00e1kupy s c\u00edlem doplnit \u0161atn\u00edk pro tepl\u00e9 ro\u010dn\u00ed obdob\u00ed tak, aby se l\u00edbili. Jen\u017ee jak u\u017e bylo \u0159e\u010deno, kvalitn\u00ed, kr\u00e1sn\u00e9 a dob\u0159e padnouc\u00ed oble\u010den\u00ed je jist\u011b na m\u00edst\u011b, nicm\u00e9n\u011b v l\u00e9t\u011b nic neschov\u00e1. V t\u00e9to \u010d\u00e1sti roku hraje prim tak\u00e9 va\u0161e postava a celkov\u00fd vzhled. Proto pokud to nen\u00ed va\u0161im pravideln\u00fdm zvykem, pak je na m\u00edst\u011b za\u010d\u00edt o sebe alespo\u0148 nyn\u00ed \u0159\u00e1dn\u011b pe\u010dovat. A stejn\u011b tak jako oble\u010den\u00ed, tak ani kvalitn\u00ed mejkap nedok\u00e1\u017ee nemo\u017en\u00e9. Nav\u00edc, kdy\u017e chcete, aby na v\u00e1s \u0161aty i l\u00ed\u010den\u00ed p\u011bkn\u011b vypadaly, mus\u00edte m\u00edt dobr\u00fd podkladov\u00fd z\u00e1klad. A t\u00edm nen\u00ed nic jin\u00e9ho, ne\u017e p\u011bkn\u00e1, atraktivn\u00ed a p\u0159edev\u0161\u00edm jednotn\u00e1 barva poko\u017eky. Tak jako v jin\u00fdch sez\u00f3n\u00e1ch je to p\u0159\u00edjemn\u00fd odst\u00edn sv\u011btle a\u017e tmav\u011b hn\u011bd\u00e9 barvy. To se snad nikdy nezm\u011bn\u00ed, a to ani v p\u0159\u00edpad\u011b, kdy by m\u00f3dn\u00ed trendy fandily b\u00edl\u00e9. Zkr\u00e1tka, p\u0159\u00edjemn\u00e1 hn\u011bd\u00e1 barva je kr\u00e1sn\u00e1 na pohled a v\u0161echno, co si obl\u00e9knete, se na n\u00ed bude skv\u011ble vyj\u00edmat. Studen\u00fd tvaroh v\u00e1m takov\u00fd z\u00e1klad neposkytne. Tak\u017ee pokud v\u00e1m nen\u00ed d\u00e1no a sv\u00e9 poko\u017ece mus\u00edte trochu pomoci, vyrazte do spolehliv\u00e9ho sol\u00e1ria v Brn\u011b, kde v\u00e1m s \u0159e\u0161en\u00edm takov\u00e9ho \u00fakolu spolehliv\u011b pomohou!                                                                                                                                                                                                                                                                                                                                                                                          3.6\/5 - (12 votes)        "},{"@context":"https:\/\/schema.org\/","@type":"BreadcrumbList","itemListElement":[{"@type":"ListItem","position":1,"name":"Nejvy\u0161\u0161\u00ed \u010das na to vyrazit do sol\u00e1ria!","item":"https:\/\/www.mmad.cz\/nejvyssi-cas-na-to-vyrazit-do-solaria\/#breadcrumbitem"}]}]