[{"@context":"https:\/\/schema.org\/","@type":"Article","@id":"https:\/\/www.mmad.cz\/prijedte-za-odpocinkem-na-slovensko\/#Article","mainEntityOfPage":"https:\/\/www.mmad.cz\/prijedte-za-odpocinkem-na-slovensko\/","headline":"P\u0159ije\u010fte za odpo\u010dinkem na Slovensko","name":"P\u0159ije\u010fte za odpo\u010dinkem na Slovensko","description":"P\u0159ije\u010fte za odpo\u010dinkem na Slovensko, kde je opravdu kr\u00e1sn\u011b a kde si ur\u010dit\u011b r\u00e1di odpo\u010dinete a na\u010derp\u00e1te zde nov\u00e9 s\u00edly. Zapome\u0148te na chv\u00edli na m\u011bsto a p\u0159ije\u010fte do N\u00e1rodn\u00ed parku Mal\u00e1 Fatra, konkr\u00e9tn\u011b do obce T\u011brchov\u00e1, kde na v\u00e1s \u010dek\u00e1 p\u0159ekr\u00e1sn\u00e9 ubytov\u00e1n\u00ed a chaty a chalupy k pronajmut\u00ed. P\u0159ije\u010fte se i vy na toto m\u00edsto &hellip; <a href=\"https:\/\/www.mmad.cz\/prijedte-za-odpocinkem-na-slovensko\/\" class=\"more-link\">Continue reading<span class=\"screen-reader-text\"> \"P\u0159ije\u010fte za odpo\u010dinkem na Slovensko\"<\/span><\/a>","datePublished":"2025-04-27","dateModified":"2025-04-27","author":{"@type":"Person","@id":"https:\/\/www.mmad.cz\/author\/#Person","name":"","url":"https:\/\/www.mmad.cz\/author\/","identifier":1,"image":{"@type":"ImageObject","@id":"https:\/\/secure.gravatar.com\/avatar\/bf8a2da9791e94b6eb5cec245ee5eeceecb651e79e829278e2c546441579397e?s=96&d=mm&r=g","url":"https:\/\/secure.gravatar.com\/avatar\/bf8a2da9791e94b6eb5cec245ee5eeceecb651e79e829278e2c546441579397e?s=96&d=mm&r=g","height":96,"width":96}},"publisher":{"@type":"Organization","name":"mmad.cz","logo":{"@type":"ImageObject","@id":"\/logo.png","url":"\/logo.png","width":600,"height":60}},"url":"https:\/\/www.mmad.cz\/prijedte-za-odpocinkem-na-slovensko\/","wordCount":208,"articleBody":"P\u0159ije\u010fte za odpo\u010dinkem na Slovensko, kde je opravdu kr\u00e1sn\u011b a kde si ur\u010dit\u011b r\u00e1di odpo\u010dinete a na\u010derp\u00e1te zde nov\u00e9 s\u00edly. Zapome\u0148te na chv\u00edli na m\u011bsto a p\u0159ije\u010fte do N\u00e1rodn\u00ed parku Mal\u00e1 Fatra, konkr\u00e9tn\u011b do obce T\u011brchov\u00e1, kde na v\u00e1s \u010dek\u00e1 p\u0159ekr\u00e1sn\u00e9 ubytov\u00e1n\u00ed a chaty a chalupy k pronajmut\u00ed. P\u0159ije\u010fte se i vy na toto m\u00edsto ubytovat, proto\u017ee zde jsou v\u00e1m k dispozici kr\u00e1sn\u00e9 a luxusn\u00ed chaty Il\u010d\u00edk, Uhor\u010d\u00edk a Rajnoha. Chaty, jejich\u017e cena je velice p\u0159\u00edzniv\u00e1. R\u00e1di v\u00e1s zde p\u0159iv\u00edt\u00e1me R\u00e1di v\u00e1s zde p\u0159iv\u00edt\u00e1me. Budeme se t\u011b\u0161it na to, a\u017e se zde ubytujete a budete s na\u0161imi slu\u017ebami nad m\u00edru spokojeni. Co v\u00e1s v chat\u00e1ch \u010dek\u00e1? M\u00e1te mo\u017enost pronajmout si pokoj, nebo celou chatu. V chat\u011b je kuchy\u0148ka, zimn\u00ed zahrada a tak\u00e9 a to je takov\u00e1 t\u0159e\u0161ni\u010dka na dortu, je tu pro v\u00e1s wellness koutek se saunami, v\u00ed\u0159ivou koupel\u00ed a odpo\u010d\u00edv\u00e1rnou. Chaty jsou vhodn\u00e9 v jak\u00e9mkoliv ro\u010dn\u00edm obdob\u00ed.                                                                                                                                                                                                                                                                                                                                                                                                "},{"@context":"https:\/\/schema.org\/","@type":"BreadcrumbList","itemListElement":[{"@type":"ListItem","position":1,"name":"P\u0159ije\u010fte za odpo\u010dinkem na Slovensko","item":"https:\/\/www.mmad.cz\/prijedte-za-odpocinkem-na-slovensko\/#breadcrumbitem"}]}]