[{"@context":"https:\/\/schema.org\/","@type":"Article","@id":"https:\/\/www.mmad.cz\/proc-vlastne-uklizet-kancelare-pravidelne\/#Article","mainEntityOfPage":"https:\/\/www.mmad.cz\/proc-vlastne-uklizet-kancelare-pravidelne\/","headline":"Pro\u010d vlastn\u011b ukl\u00edzet kancel\u00e1\u0159e pravideln\u011b","name":"Pro\u010d vlastn\u011b ukl\u00edzet kancel\u00e1\u0159e pravideln\u011b","description":"Kde kdo v\u00e1m potvrd\u00ed, \u017ee \u00faklid je b\u011b\u017enou sou\u010d\u00e1st\u00ed \u017eivotn\u00edho standardu, a \u017ee je to pozitivn\u00ed po\u010din, ale zamysleli jste se n\u011bkdy nad t\u00edm, jak\u00e9 dopady na lidsk\u00fd \u017eivot \u00faklid m\u00e1, respektive jak\u00e9 by to bylo, kdybychom ukl\u00edzeli jen ob\u010das nebo v\u016fbec? Bakterie \u2013 kdy\u017e se ve st\u0159edov\u011bku objevovaly smrt\u00edc\u00ed choroby, jako byl tyfus, \u00faplavice &hellip; <a href=\"https:\/\/www.mmad.cz\/proc-vlastne-uklizet-kancelare-pravidelne\/\" class=\"more-link\">Continue reading<span class=\"screen-reader-text\"> \"Pro\u010d vlastn\u011b ukl\u00edzet kancel\u00e1\u0159e pravideln\u011b\"<\/span><\/a>","datePublished":"2025-02-04","dateModified":"2025-02-04","author":{"@type":"Person","@id":"https:\/\/www.mmad.cz\/author\/#Person","name":"","url":"https:\/\/www.mmad.cz\/author\/","identifier":1,"image":{"@type":"ImageObject","@id":"https:\/\/secure.gravatar.com\/avatar\/bf8a2da9791e94b6eb5cec245ee5eeceecb651e79e829278e2c546441579397e?s=96&d=mm&r=g","url":"https:\/\/secure.gravatar.com\/avatar\/bf8a2da9791e94b6eb5cec245ee5eeceecb651e79e829278e2c546441579397e?s=96&d=mm&r=g","height":96,"width":96}},"publisher":{"@type":"Organization","name":"mmad.cz","logo":{"@type":"ImageObject","@id":"\/logo.png","url":"\/logo.png","width":600,"height":60}},"image":{"@type":"ImageObject","@id":"https:\/\/www.mmad.cz\/wp-content\/uploads\/janitor-1357278_640_3.jpg","url":"https:\/\/www.mmad.cz\/wp-content\/uploads\/janitor-1357278_640_3.jpg","height":0,"width":0},"url":"https:\/\/www.mmad.cz\/proc-vlastne-uklizet-kancelare-pravidelne\/","about":["Podnik\u00e1n\u00ed"],"wordCount":387,"articleBody":"        Kde kdo v\u00e1m potvrd\u00ed, \u017ee \u00faklid je b\u011b\u017enou sou\u010d\u00e1st\u00ed \u017eivotn\u00edho standardu, a \u017ee je to pozitivn\u00ed po\u010din, ale zamysleli jste se n\u011bkdy nad t\u00edm, jak\u00e9 dopady na lidsk\u00fd \u017eivot \u00faklid m\u00e1, respektive jak\u00e9 by to bylo, kdybychom ukl\u00edzeli jen ob\u010das nebo v\u016fbec?Bakterie \u2013 kdy\u017e se ve st\u0159edov\u011bku objevovaly smrt\u00edc\u00ed choroby, jako byl tyfus, \u00faplavice nebo mor, za jejich epidemiemi v\u017edy st\u00e1la \u0161patn\u00e1 hygiena, ne\u010distota a z\u00e1pach. Lid\u00e9 si v podstat\u011b za v\u0161echno mohli sami, tamn\u00ed hygienick\u00e9 zvyklosti byly na katastrof\u00e1ln\u00ed \u00farovni a nemohlo to ani dopadnout jinak. Pravideln\u00fd \u00faklid a dezinfekce obytn\u00fdch prostor eliminuje v\u00fdskyt bakteri\u00ed, respektive tlum\u00ed jejich rozmno\u017eov\u00e1n\u00ed. A to se t\u00fdk\u00e1 nejen toalety a koupelny \u010di kuchyn\u011b.Divn\u00fd pocit \u2013 m\u011bli jste n\u011bkdy vysloven\u011b divn\u00fd pocit z toho, \u017ee je kolem v\u00e1s spousta prachu, mastnoty, chlup\u016f, vlas\u016f, drobk\u016f a dal\u0161\u00edch ne\u010distot? I tento pocit p\u0159isp\u00edv\u00e1 k osobn\u00ed nepohod\u011b a n\u011bkomu se v takov\u00e9m prost\u0159ed\u00ed ani nechce vyv\u00edjet \u017e\u00e1dnou aktivitu. \u010clov\u011bku je vrozen\u00fd pocit \u010distoty a po\u0159\u00e1dku a naopak ne\u010distota a zmatek kolem sebe vyvol\u00e1vaj\u00ed negativn\u00ed emoce a zp\u016fsobuj\u00ed i stres.Chaos \u2013 od ne\u010distoty a zmatku je jen kr\u016f\u010dek k chaosu a ten vytv\u00e1\u0159\u00ed neklid a nepokoj. Lid\u00e9 se v takov\u00e9 situaci \u0161patn\u011b soust\u0159ed\u00ed na jakoukoli \u010dinnost a to se pak m\u016f\u017ee projevit na jejich sn\u00ed\u017een\u00e9 v\u00fdkonnosti a nechuti k tvo\u0159iv\u00e9 pr\u00e1ci. Chaos a nepo\u0159\u00e1dek jsou zkr\u00e1tka negativn\u00edmi projevy nespr\u00e1vn\u00e9ho \u017eivotn\u00edho stylu, a\u0165 si \u0159\u00edk\u00e1 kdo chce, co chce.Mezilidsk\u00e9 vztahy \u2013 nepo\u0159\u00e1dek a ne\u010distota nemohou vybudovat dobr\u00e9 vztahy mezi lidmi, to je celkem logick\u00e9. Chcete-li tedy p\u0159isp\u011bt k dobr\u00e9 mezilidsk\u00e9 komunikaci, m\u011bli byste db\u00e1t i na pravideln\u00fd \u00faklid kancel\u00e1\u0159e Modr\u00fd \u017eralok zaji\u0161t\u011bn\u00fd profesion\u00e1ly, kte\u0159\u00ed dob\u0159e v\u00ed, co je zde zapot\u0159eb\u00ed a v jak\u00e9m rozsahu se \u00faklid prov\u00e1d\u00ed. \u00daklid kancel\u00e1\u0159\u00ed by se m\u011bl prov\u00e1d\u011bt denn\u011b a p\u0159\u00edpadn\u011b by se m\u011bl prov\u00e9st tak\u00e9 ob\u010dasn\u00fd gener\u00e1ln\u00ed \u00faklid m\u00edst, kter\u00e1 se p\u0159i b\u011b\u017en\u00e9m \u00faklidu sp\u00ed\u0161e odb\u00fdvaj\u00ed.                                                                                                                                                                                                                                                                                                                                                                                          5\/5 - (3 votes)        "},{"@context":"https:\/\/schema.org\/","@type":"BreadcrumbList","itemListElement":[{"@type":"ListItem","position":1,"name":"Pro\u010d vlastn\u011b ukl\u00edzet kancel\u00e1\u0159e pravideln\u011b","item":"https:\/\/www.mmad.cz\/proc-vlastne-uklizet-kancelare-pravidelne\/#breadcrumbitem"}]}]