[{"@context":"https:\/\/schema.org\/","@type":"Article","@id":"https:\/\/www.mmad.cz\/razitka-pro-vsechny-prilezitosti\/#Article","mainEntityOfPage":"https:\/\/www.mmad.cz\/razitka-pro-vsechny-prilezitosti\/","headline":"Raz\u00edtka pro v\u0161echny p\u0159\u00edle\u017eitosti","name":"Raz\u00edtka pro v\u0161echny p\u0159\u00edle\u017eitosti","description":"Raz\u00edtka vznikly u\u017e p\u0159ed mnoha lety a jejich v\u00fdznam se dochoval do dnes. Na Sv\u011bte existuje nespo\u010det raz\u00edtek a je jen na V\u00e1s, na co raz\u00edtko pot\u0159ebujete. V kancel\u00e1\u0159i ve v\u011bt\u0161in\u011b p\u0159\u00edpad\u016f slou\u017e\u00ed k ora\u017een\u00ed dokument\u016f, jako jsou dodac\u00ed listy a dal\u0161\u00ed v\u011bci. Ve \u0161kol\u00e1ch jsou raz\u00edtka vyu\u017e\u00edvan\u00e1 na z\u00e1v\u011bre\u010dn\u00e9 vysv\u011bd\u010den\u00ed a na jin\u00e9 v\u011bci. &hellip; <a href=\"https:\/\/www.mmad.cz\/razitka-pro-vsechny-prilezitosti\/\" class=\"more-link\">Continue reading<span class=\"screen-reader-text\"> \"Raz\u00edtka pro v\u0161echny p\u0159\u00edle\u017eitosti\"<\/span><\/a>","datePublished":"2021-08-11","dateModified":"2023-05-07","author":{"@type":"Person","@id":"https:\/\/www.mmad.cz\/author\/#Person","name":"","url":"https:\/\/www.mmad.cz\/author\/","identifier":1,"image":{"@type":"ImageObject","@id":"https:\/\/secure.gravatar.com\/avatar\/bf8a2da9791e94b6eb5cec245ee5eeceecb651e79e829278e2c546441579397e?s=96&d=mm&r=g","url":"https:\/\/secure.gravatar.com\/avatar\/bf8a2da9791e94b6eb5cec245ee5eeceecb651e79e829278e2c546441579397e?s=96&d=mm&r=g","height":96,"width":96}},"publisher":{"@type":"Organization","name":"mmad.cz","logo":{"@type":"ImageObject","@id":"\/logo.png","url":"\/logo.png","width":600,"height":60}},"image":{"@type":"ImageObject","@id":"https:\/\/www.mmad.cz\/wp-content\/uploads\/v%C3%BDroba%20(2).jpg","url":"https:\/\/www.mmad.cz\/wp-content\/uploads\/v%C3%BDroba%20(2).jpg","height":0,"width":0},"url":"https:\/\/www.mmad.cz\/razitka-pro-vsechny-prilezitosti\/","about":["V\u00fdrobky"],"wordCount":415,"articleBody":"     Raz\u00edtka vznikly u\u017e p\u0159ed mnoha lety a jejich v\u00fdznam se dochoval do dnes. Na Sv\u011bte existuje nespo\u010det raz\u00edtek a je jen na V\u00e1s, na co raz\u00edtko pot\u0159ebujete. V kancel\u00e1\u0159i ve v\u011bt\u0161in\u011b p\u0159\u00edpad\u016f slou\u017e\u00ed k ora\u017een\u00ed dokument\u016f, jako jsou dodac\u00ed listy a dal\u0161\u00ed v\u011bci. Ve \u0161kol\u00e1ch jsou raz\u00edtka vyu\u017e\u00edvan\u00e1 na z\u00e1v\u011bre\u010dn\u00e9 vysv\u011bd\u010den\u00ed a na jin\u00e9 v\u011bci. Pokud v\u0161ak chcete raz\u00edtka na hran\u00ed pro d\u011bti, tak se bude jednat sp\u00ed\u0161e o d\u0159ev\u011bn\u00e9 raz\u00edtka. A\u0165 u\u017e si vyberete jakoukoliv volbu z t\u011bchto zmi\u0148ovan\u00fdch, tak je najdete na jednom m\u00edst\u011b v Praze. V\u00fdroba raz\u00edtek Praha 6, je V\u00e1m k dispozici a vytvo\u0159\u00ed V\u00e1m takov\u00e9 raz\u00edtko, kter\u00e9 si vymysl\u00edte.Tato firma u\u017e vznikla p\u0159ed n\u011bjakou dobou a d\u0159\u00edve se zab\u00fdvala sp\u00ed\u0161e vizitkami, ne\u017e raz\u00edtky, ov\u0161em tomu je te\u010f konec. Vizitky sice tato firma je\u0161t\u011b vyr\u00e1b\u00ed, ale prim\u00e1rn\u011b se zab\u00fdvaj\u00ed o raz\u00edtka. V jejich sortimentu najdete v\u0161echny raz\u00edtka, na kter\u00e9 si vzpomenete. D\u00edky profesion\u00e1ln\u00edmu p\u0159\u00edstupu a dlouholet\u00e9 praxi, jsou jejich raz\u00edtka kvalitn\u00ed a tak\u00e9 dlouho vydr\u017e\u00ed. D\u00edky tomu, \u017ee svoj\u00ed v\u00fdrobu neust\u00e1le vylep\u0161ovali, si m\u016f\u017eete nyn\u00ed ud\u011blat raz\u00edtko na p\u0159\u00e1n\u00ed. Mezi jejich sortiment pat\u0159\u00ed raz\u00edtka Colop a Trodat, co\u017e je p\u0159elomov\u00e1 klasika do kancel\u00e1\u0159\u00ed. Mezi zvl\u00e1\u0161tn\u00ed typy raz\u00edtek pat\u0159\u00ed zaru\u010den\u011b raz\u00edtka na keramiku, \u0161koln\u00ed raz\u00edtka, v\u00edcebarevn\u00e1 raz\u00edtka, oborov\u00e1 raz\u00edtka a mnoho dal\u0161\u00edho.Velmi obl\u00edben\u00e1 a kupovan\u00e1 raz\u00edtka jsou ur\u010dit\u011b raz\u00edtka s hotov\u00fdm textem, nebo raz\u00edtka na po\u010dk\u00e1n\u00ed. Ov\u0161em nejv\u011bt\u0161\u00ed bum v posledn\u00ed dob\u011b zaznamenalo antibakteri\u00e1ln\u00ed raz\u00edtko, kter\u00e9 m\u00e1 \u00fasp\u011bch hlavn\u011b d\u00edky pandemii covidu, kter\u00fd je po cel\u00e9m Sv\u011bt\u011b. Toto raz\u00edtko je vyrobeno speci\u00e1ln\u00ed technologi\u00ed a neusazuj\u00ed se na n\u011bm bakterie ani viry. D\u00edky tomu je obl\u00edben\u00e9 a v\u011b\u0159te, \u017ee se V\u00e1m bude hodit i po tom, co pandemie skon\u010d\u00ed.Pokud tedy raz\u00edtko, tak jedin\u011b od t\u00e9to zmi\u0148ovan\u00e9 firmy. Jejich raz\u00edtka se vyr\u00e1b\u011bj\u00ed i na po\u010dk\u00e1n\u00ed, a pokud na raz\u00edtko sp\u011bch\u00e1te, tak jste na t\u00e9 spr\u00e1vn\u00e9 adrese.                                                                                                                                                                                                                                                                                                                                                                                         4.5\/5 - (2 votes)        "},{"@context":"https:\/\/schema.org\/","@type":"BreadcrumbList","itemListElement":[{"@type":"ListItem","position":1,"name":"Raz\u00edtka pro v\u0161echny p\u0159\u00edle\u017eitosti","item":"https:\/\/www.mmad.cz\/razitka-pro-vsechny-prilezitosti\/#breadcrumbitem"}]}]