[{"@context":"https:\/\/schema.org\/","@type":"Article","@id":"https:\/\/www.mmad.cz\/tradicni-a-stale-krasne\/#Article","mainEntityOfPage":"https:\/\/www.mmad.cz\/tradicni-a-stale-krasne\/","headline":"Tradi\u010dn\u00ed a st\u00e1le kr\u00e1sn\u00e9","name":"Tradi\u010dn\u00ed a st\u00e1le kr\u00e1sn\u00e9","description":"Pokud jen trochu db\u00e1te na origin\u00e1ln\u00ed a vkusn\u00e9 za\u0159\u00edzen\u00ed Va\u0161eho domova, jist\u011b nepodce\u0148ujete v\u00fdb\u011br jak\u00e9hokoliv dopl\u0148ku \u010di nov\u00e9ho kousku n\u00e1bytku. Pokud preferujete kvalitu a originalitu, pokud m\u00e1te sv\u016fj osobit\u00fd styl, nem\u011bli byste vynechat ani modern\u00ed koberce. Nespokojte se s univerz\u00e1ln\u00ed plovouc\u00ed podlahou, pr\u00e1v\u011b takov\u00fdto origin\u00e1ln\u00ed koberec bude dokonalou te\u010dkou za v\u00fdzdobou Va\u0161eho domova. Vyberte si &hellip; <a href=\"https:\/\/www.mmad.cz\/tradicni-a-stale-krasne\/\" class=\"more-link\">Continue reading<span class=\"screen-reader-text\"> \"Tradi\u010dn\u00ed a st\u00e1le kr\u00e1sn\u00e9\"<\/span><\/a>","datePublished":"2025-08-28","dateModified":"2025-08-28","author":{"@type":"Person","@id":"https:\/\/www.mmad.cz\/author\/#Person","name":"","url":"https:\/\/www.mmad.cz\/author\/","identifier":1,"image":{"@type":"ImageObject","@id":"https:\/\/secure.gravatar.com\/avatar\/bf8a2da9791e94b6eb5cec245ee5eeceecb651e79e829278e2c546441579397e?s=96&d=mm&r=g","url":"https:\/\/secure.gravatar.com\/avatar\/bf8a2da9791e94b6eb5cec245ee5eeceecb651e79e829278e2c546441579397e?s=96&d=mm&r=g","height":96,"width":96}},"publisher":{"@type":"Organization","name":"mmad.cz","logo":{"@type":"ImageObject","@id":"\/logo.png","url":"\/logo.png","width":600,"height":60}},"url":"https:\/\/www.mmad.cz\/tradicni-a-stale-krasne\/","wordCount":237,"articleBody":"Pokud jen trochu db\u00e1te na origin\u00e1ln\u00ed a vkusn\u00e9 za\u0159\u00edzen\u00ed Va\u0161eho domova, jist\u011b nepodce\u0148ujete v\u00fdb\u011br jak\u00e9hokoliv dopl\u0148ku \u010di nov\u00e9ho kousku n\u00e1bytku. Pokud preferujete kvalitu a originalitu, pokud m\u00e1te sv\u016fj osobit\u00fd styl, nem\u011bli byste vynechat ani modern\u00ed koberce. Nespokojte se s univerz\u00e1ln\u00ed plovouc\u00ed podlahou, pr\u00e1v\u011b takov\u00fdto origin\u00e1ln\u00ed koberec bude dokonalou te\u010dkou za v\u00fdzdobou Va\u0161eho domova. Vyberte si spr\u00e1vn\u011b, vyberte si tam, kde maj\u00ed nejlep\u0161\u00ed ceny a nejkr\u00e1sn\u011bj\u0161\u00ed origin\u00e1ln\u00ed kusy. Vyberte si takov\u00e9, jak\u00e9 m\u011bli ji\u017e na\u0161i p\u0159edci p\u0159ed stalet\u00edmi a jejich\u017e vzory se st\u00e1le neomrzely a dne\u0161n\u00ed n\u00e1vrh\u00e1\u0159i se je marn\u011b sna\u017e\u00ed napodobit.Co kus to origin\u00e1lV\u0161em uveden\u00fdm podm\u00ednk\u00e1m bez v\u00fdhrad odpov\u00edd\u00e1 ve\u0161ker\u00fd sortiment v prodejn\u011b Buchara. Je to prodejna v centru Prahy, pokud do n\u00ed ale vkro\u010d\u00edte, budete m\u00edt pocit, \u017ee jste se octli v n\u011bkter\u00e9m z p\u0159\u00edb\u011bh\u016f od \u0160eherez\u00e1dy. Zapomenete, \u017ee venku jezd\u00ed tramvaje a auta, budete okouzleni kr\u00e1sou t\u011bchto ru\u010dn\u011b tkan\u00fdch interi\u00e9rov\u00fdch \u0161perk\u016f. Pokud si nebudete jisti, \u017ee Va\u0161e volba je ta nejlep\u0161\u00ed, pora\u010fte se s n\u011bkter\u00fdm z na\u0161ich pracovn\u00edk\u016f, r\u00e1di probereme Va\u0161e p\u0159edstavy a vybereme spole\u010dn\u011b tu nejlep\u0161\u00ed variantu.                                                                                                                                                                                                                                                                                                                                                                                                "},{"@context":"https:\/\/schema.org\/","@type":"BreadcrumbList","itemListElement":[{"@type":"ListItem","position":1,"name":"Tradi\u010dn\u00ed a st\u00e1le kr\u00e1sn\u00e9","item":"https:\/\/www.mmad.cz\/tradicni-a-stale-krasne\/#breadcrumbitem"}]}]